{"id":347,"date":"2023-06-08T20:18:38","date_gmt":"2023-06-08T19:18:38","guid":{"rendered":"https:\/\/aalisboa.com.pt\/2023\/?p=347"},"modified":"2023-06-08T20:18:38","modified_gmt":"2023-06-08T19:18:38","slug":"meeting-de-lisboa-memorial-mario-moniz-pereira-agua-monchique","status":"publish","type":"post","link":"https:\/\/aalisboa.com.pt\/2023\/meeting-de-lisboa-memorial-mario-moniz-pereira-agua-monchique\/","title":{"rendered":"MEETING DE LISBOA \u2013 MEMORIAL M\u00c1RIO MONIZ PEREIRA &#8211; \u00c1gua Monchique"},"content":{"rendered":"\n<p><\/p>\n\n\n\n<div class=\"wp-block-media-text alignwide has-media-on-the-right is-stacked-on-mobile is-vertically-aligned-top\"><div class=\"wp-block-media-text__content\">\n<p>\u00c1gua Monchique pelo segundo ano consecutivo ser\u00e1 a \u00e1gua oficial do Meeting Cidade de Lisboa no dia 10 de Junho<\/p>\n\n\n\n<p>Muito obrigado pelo apoio e confian\u00e7a dada!<\/p>\n<\/div><figure class=\"wp-block-media-text__media\"><img fetchpriority=\"high\" decoding=\"async\" width=\"810\" height=\"540\" src=\"https:\/\/aalisboa.com.pt\/2023\/wp-content\/uploads\/2023\/06\/image-1.png\" alt=\"\" class=\"wp-image-349 size-full\" srcset=\"https:\/\/aalisboa.com.pt\/2023\/wp-content\/uploads\/2023\/06\/image-1.png 810w, https:\/\/aalisboa.com.pt\/2023\/wp-content\/uploads\/2023\/06\/image-1-300x200.png 300w, https:\/\/aalisboa.com.pt\/2023\/wp-content\/uploads\/2023\/06\/image-1-768x512.png 768w\" sizes=\"(max-width: 810px) 100vw, 810px\" \/><\/figure><\/div>\n","protected":false},"excerpt":{"rendered":"<p>\u00c1gua Monchique pelo segundo ano consecutivo ser\u00e1 a \u00e1gua oficial do Meeting Cidade de Lisboa no dia 10 de Junho Muito obrigado pelo apoio e confian\u00e7a dada!<\/p>\n","protected":false},"author":1,"featured_media":348,"comment_status":"open","ping_status":"open","sticky":false,"template":"","format":"standard","meta":{"footnotes":""},"categories":[4],"tags":[20,18,28],"class_list":["post-347","post","type-post","status-publish","format-standard","has-post-thumbnail","hentry","category-informacoes","tag-epoca-2022-2023","tag-meeting","tag-patrocinador"],"_links":{"self":[{"href":"https:\/\/aalisboa.com.pt\/2023\/wp-json\/wp\/v2\/posts\/347","targetHints":{"allow":["GET"]}}],"collection":[{"href":"https:\/\/aalisboa.com.pt\/2023\/wp-json\/wp\/v2\/posts"}],"about":[{"href":"https:\/\/aalisboa.com.pt\/2023\/wp-json\/wp\/v2\/types\/post"}],"author":[{"embeddable":true,"href":"https:\/\/aalisboa.com.pt\/2023\/wp-json\/wp\/v2\/users\/1"}],"replies":[{"embeddable":true,"href":"https:\/\/aalisboa.com.pt\/2023\/wp-json\/wp\/v2\/comments?post=347"}],"version-history":[{"count":1,"href":"https:\/\/aalisboa.com.pt\/2023\/wp-json\/wp\/v2\/posts\/347\/revisions"}],"predecessor-version":[{"id":350,"href":"https:\/\/aalisboa.com.pt\/2023\/wp-json\/wp\/v2\/posts\/347\/revisions\/350"}],"wp:featuredmedia":[{"embeddable":true,"href":"https:\/\/aalisboa.com.pt\/2023\/wp-json\/wp\/v2\/media\/348"}],"wp:attachment":[{"href":"https:\/\/aalisboa.com.pt\/2023\/wp-json\/wp\/v2\/media?parent=347"}],"wp:term":[{"taxonomy":"category","embeddable":true,"href":"https:\/\/aalisboa.com.pt\/2023\/wp-json\/wp\/v2\/categories?post=347"},{"taxonomy":"post_tag","embeddable":true,"href":"https:\/\/aalisboa.com.pt\/2023\/wp-json\/wp\/v2\/tags?post=347"}],"curies":[{"name":"wp","href":"https:\/\/api.w.org\/{rel}","templated":true}]}}