{"id":1221,"date":"2024-06-11T14:16:01","date_gmt":"2024-06-11T13:16:01","guid":{"rendered":"https:\/\/aalisboa.com.pt\/2023\/?p=1221"},"modified":"2025-01-10T09:23:29","modified_gmt":"2025-01-10T09:23:29","slug":"monte-da-galega-acolhe-falagueira-athletics","status":"publish","type":"post","link":"https:\/\/aalisboa.com.pt\/2023\/monte-da-galega-acolhe-falagueira-athletics\/","title":{"rendered":"Monte da Galega Acolhe Falagueira Athletics"},"content":{"rendered":"\n<p>Amanh\u00e3 , \u00e0s 19h00, o Complexo Desportivo Municipal Monte da Galega ser\u00e1 palco do <strong>Falagueira Athletics<\/strong>. O evento, organizado pela Junta de Freguesia de Falagueira-Venda Nova em parceria com a Associa\u00e7\u00e3o de Atletismo de Lisboa, visa promover o atletismo entre a comunidade educativa e proporcionar uma competi\u00e7\u00e3o para atletas locais.<\/p>\n\n\n\n<p>O Falagueira Athletics contar\u00e1 com v\u00e1rias provas de pista e campo, abertas a diferentes idades e n\u00edveis de habilidade. Al\u00e9m das competi\u00e7\u00f5es, haver\u00e1 atividades para o p\u00fablico, incluindo oficinas de inicia\u00e7\u00e3o ao atletismo. A participa\u00e7\u00e3o \u00e9 aberta a todos, e mais informa\u00e7\u00f5es est\u00e3o dispon\u00edveis no site da Junta de Freguesia.<\/p>\n","protected":false},"excerpt":{"rendered":"<p>Amanh\u00e3 , \u00e0s 19h00, o Complexo Desportivo Municipal Monte da Galega ser\u00e1 palco do Falagueira Athletics. O evento, organizado pela Junta de Freguesia de Falagueira-Venda Nova em parceria com a [&hellip;]<\/p>\n","protected":false},"author":1,"featured_media":1226,"comment_status":"closed","ping_status":"open","sticky":false,"template":"","format":"standard","meta":{"footnotes":""},"categories":[4],"tags":[],"class_list":["post-1221","post","type-post","status-publish","format-standard","has-post-thumbnail","hentry","category-informacoes"],"_links":{"self":[{"href":"https:\/\/aalisboa.com.pt\/2023\/wp-json\/wp\/v2\/posts\/1221","targetHints":{"allow":["GET"]}}],"collection":[{"href":"https:\/\/aalisboa.com.pt\/2023\/wp-json\/wp\/v2\/posts"}],"about":[{"href":"https:\/\/aalisboa.com.pt\/2023\/wp-json\/wp\/v2\/types\/post"}],"author":[{"embeddable":true,"href":"https:\/\/aalisboa.com.pt\/2023\/wp-json\/wp\/v2\/users\/1"}],"replies":[{"embeddable":true,"href":"https:\/\/aalisboa.com.pt\/2023\/wp-json\/wp\/v2\/comments?post=1221"}],"version-history":[{"count":1,"href":"https:\/\/aalisboa.com.pt\/2023\/wp-json\/wp\/v2\/posts\/1221\/revisions"}],"predecessor-version":[{"id":1222,"href":"https:\/\/aalisboa.com.pt\/2023\/wp-json\/wp\/v2\/posts\/1221\/revisions\/1222"}],"wp:featuredmedia":[{"embeddable":true,"href":"https:\/\/aalisboa.com.pt\/2023\/wp-json\/wp\/v2\/media\/1226"}],"wp:attachment":[{"href":"https:\/\/aalisboa.com.pt\/2023\/wp-json\/wp\/v2\/media?parent=1221"}],"wp:term":[{"taxonomy":"category","embeddable":true,"href":"https:\/\/aalisboa.com.pt\/2023\/wp-json\/wp\/v2\/categories?post=1221"},{"taxonomy":"post_tag","embeddable":true,"href":"https:\/\/aalisboa.com.pt\/2023\/wp-json\/wp\/v2\/tags?post=1221"}],"curies":[{"name":"wp","href":"https:\/\/api.w.org\/{rel}","templated":true}]}}